{"id":24361,"date":"2021-11-22T09:04:00","date_gmt":"2021-11-22T08:04:00","guid":{"rendered":"http:\/\/culturesconnection.com\/?p=24361"},"modified":"2020-10-14T11:28:31","modified_gmt":"2020-10-14T10:28:31","slug":"lartc-no-chile-interpretacao-simultanea-para-a-industria-petroquimica-latino-americana","status":"publish","type":"post","link":"https:\/\/culturesconnection.com\/pt-br\/2021\/11\/22\/lartc-no-chile-interpretacao-simultanea-para-a-industria-petroquimica-latino-americana\/","title":{"rendered":"LARTC no Chile: Interpreta\u00e7\u00e3o simult\u00e2nea para a ind\u00fastria petroqu\u00edmica latino-americana"},"content":{"rendered":"<p><b>A Cultures Connection esteve presente em mais uma edi\u00e7\u00e3o do mais importante evento do setor petroqu\u00edmico da Am\u00e9rica Latina.<\/b><!--more--><\/p>\n<p><span style=\"font-weight: 400;\">A <a href=\"https:\/\/culturesconnection.com\/\">Cultures Connection<\/a> foi solicitada a fornecer seus servi\u00e7os de interpreta\u00e7\u00e3o profissional aos maiores l\u00edderes da ind\u00fastria petroqu\u00edmica e de refinaria da Am\u00e9rica Latina quando se reuniram no Chile para discutir as perspectivas do setor no continente. A ag\u00eancia organizou, para o Congresso Latino-Americano de Refino e Petroqu\u00edmica ( <a href=\"https:\/\/lartc.wraconferences.com\/\" target=\"_blank\" rel=\"noopener\">LARTC<\/a>), um <a href=\"https:\/\/culturesconnection.com\/conference-interpreting\/\">servi\u00e7o de interpreta\u00e7\u00e3o simult\u00e2nea<\/a> nos dias 16, 17 e 18 de outubro, que conectou empres\u00e1rios de l\u00edngua espanhola e inglesa deste importante setor na regi\u00e3o. <\/span><\/p>\n<p><span style=\"font-weight: 400;\">A Cultures Connection vem auxiliando h\u00e1 dois anos a comunica\u00e7\u00e3o intercultural em eventos deste tipo, realizados em diferentes cidades da Am\u00e9rica Latina. Esta edi\u00e7\u00e3o foi sediada no Hotel Intercontinental em Santiago, Chile, e contou com a participa\u00e7\u00e3o de mais de 200 l\u00edderes empresariais dos Estados Unidos, Am\u00e9rica Latina e Europa.<\/span><\/p>\n<p><span style=\"font-weight: 400;\">Quatro int\u00e9rpretes profissionais foram colocados \u00e0 disposi\u00e7\u00e3o do evento e compareceram \u00e0s palestras, pain\u00e9is e mesas redondas. O trabalho consistia na interpreta\u00e7\u00e3o ingl\u00eas-espanhol e espanhol-ingl\u00eas de um conte\u00fado t\u00e9cnico muito particular. Para isso, a ag\u00eancia disponibilizou duas cabines insonorizadas, 150 fones, dois assistentes para organiza\u00e7\u00e3o do material e dois t\u00e9cnicos de som.<\/span><\/p>\n<p><span style=\"font-weight: 400;\">\u201cA equipe foi formada por meio da sele\u00e7\u00e3o de int\u00e9rpretes profissionais e especialistas na \u00e1rea. Recebemos um retorno muito positivo dos participantes, o que \u00e9 sempre importante para os int\u00e9rpretes\u201d, comentou Amandine, representante da Cultures Connection que viajou <a href=\"https:\/\/culturesconnection.com\/translation-agency-buenos-aires\/\">da sede da ag\u00eancia em Buenos Aires<\/a> para supervisionar a presta\u00e7\u00e3o do servi\u00e7o de interpreta\u00e7\u00e3o no evento. Os l\u00edderes do setor na Am\u00e9rica Latina concordaram com o potencial deste mercado. Eles est\u00e3o conscientes do panorama diversificado que existe nos diferentes pa\u00edses, e da falta de otimiza\u00e7\u00e3o geral de recursos e de sensibiliza\u00e7\u00e3o em rela\u00e7\u00e3o \u00e0 conjuntura internacional. Foi ressaltada a necessidade de aumentar o fluxo de investimentos e execut\u00e1-lo de forma eficiente, com foco na produ\u00e7\u00e3o e sustentabilidade. <\/span><\/p>\n<p><span style=\"font-weight: 400;\">Em uma das palestras mais disputadas, altos executivos da ENAP (Companhia Nacional de Petr\u00f3leo), YPF, Petrobras, Axion, Braskem e Exopetrol falaram sobre a busca por promover a competitividade global, tendo em vista o desequil\u00edbrio entre importa\u00e7\u00e3o e exporta\u00e7\u00e3o de produtos petroqu\u00edmicos. Ricardo Irarr\u00e1zabal S\u00e1nchez, subsecret\u00e1rio de Energia do Minist\u00e9rio de Energia do Chile, fez um discurso sobre os planos de investimento do Governo para impulsionar o setor energ\u00e9tico.<\/span><\/p>\n<p><span style=\"font-weight: 400;\">Houve um grande n\u00famero de palestras e workshops. O Banco Mundial refletiu sobre a melhor forma de usar o investimento para fazer a transi\u00e7\u00e3o para uma energia mais limpa. A gest\u00e3o da Shell se concentrou em explicar os problemas operacionais que equipamentos obsoletos traziam para a seguran\u00e7a em uma de suas refinarias. A Emerson Automation Solutions destacou as vantagens de se investir no desenvolvimento t\u00e9cnico do setor. Os int\u00e9rpretes da Cultures Connection souberam adaptar-se com habilidade \u00e0s mais variadas situa\u00e7\u00f5es que os temas e o vocabul\u00e1rio espec\u00edfico das figuras mais destacadas do setor ofereciam.<\/span><\/p>\n<p><span style=\"font-weight: 400;\">\u201cAs conversas duraram 35 minutos cada, a maioria em um ritmo acelerado. Como os palestrantes n\u00e3o dispunham de muito tempo, as interpreta\u00e7\u00f5es tamb\u00e9m tiveram que ser bem r\u00e1pidas\u201d, disse Gonzalo, um dos profissionais que participaram da confer\u00eancia.<\/span><\/p>\n<div id=\"metaslider-id-12783\" style=\"max-width: 940px;\" class=\"ml-slider-3-107-0 metaslider metaslider-flex metaslider-12783 ml-slider has-dots-nav ms-theme-cubic\" role=\"region\" aria-label=\"LARTC Chile\" data-height=\"623\" data-width=\"940\">\n    <div id=\"metaslider_container_12783\">\n        <div id=\"metaslider_12783\" class=\"flexslider\">\n            <ul class='slides'>\n                <li style=\"display: block; width: 100%;\" class=\"slide-12840 ms-image \" aria-roledescription=\"slide\" data-date=\"2018-11-12 15:54:48\" data-filename=\"LARTC-01-940x623.jpg\" data-slide-type=\"image\"><img loading=\"lazy\" decoding=\"async\" src=\"https:\/\/culturesconnection.com\/wp-content\/uploads\/2018\/11\/LARTC-01-940x623.jpg\" height=\"623\" width=\"940\" alt=\"Los servicios de Cultures Connecti\u00f3n volvieron a estar presentes en una edici\u00f3n de LARTC\" class=\"slider-12783 slide-12840 msDefaultImage\" title=\"LARTC Chile 2018 (01)\" \/><div class=\"caption-wrap\"><div class=\"caption\">Copyright: Cultures Connection.<\/div><\/div><\/li>\n                <li style=\"display: none; width: 100%;\" class=\"slide-12841 ms-image \" aria-roledescription=\"slide\" data-date=\"2018-11-12 15:54:52\" data-filename=\"LARTC-02-940x623.jpg\" data-slide-type=\"image\"><img loading=\"lazy\" decoding=\"async\" src=\"https:\/\/culturesconnection.com\/wp-content\/uploads\/2018\/11\/LARTC-02-940x623.jpg\" height=\"623\" width=\"940\" alt=\"Los servicios de Cultures Connecti\u00f3n volvieron a estar presentes en una edici\u00f3n de LARTC\" class=\"slider-12783 slide-12841 msDefaultImage\" title=\"LARTC Chile 2018 (02)\" \/><div class=\"caption-wrap\"><div class=\"caption\">Copyright: Cultures Connection.<\/div><\/div><\/li>\n                <li style=\"display: none; width: 100%;\" class=\"slide-12842 ms-image \" aria-roledescription=\"slide\" data-date=\"2018-11-12 15:54:56\" data-filename=\"LARTC-03-940x623.jpg\" data-slide-type=\"image\"><img loading=\"lazy\" decoding=\"async\" src=\"https:\/\/culturesconnection.com\/wp-content\/uploads\/2018\/11\/LARTC-03-940x623.jpg\" height=\"623\" width=\"940\" alt=\"Los servicios de Cultures Connecti\u00f3n volvieron a estar presentes en una edici\u00f3n de LARTC\" class=\"slider-12783 slide-12842 msDefaultImage\" title=\"LARTC Chile 2018 (03)\" \/><div class=\"caption-wrap\"><div class=\"caption\">Copyright: Cultures Connection.<\/div><\/div><\/li>\n                <li style=\"display: none; width: 100%;\" class=\"slide-12863 ms-image \" aria-roledescription=\"slide\" data-date=\"2018-11-12 16:19:56\" data-filename=\"LARTC-04-1-940x623.jpg\" data-slide-type=\"image\"><img loading=\"lazy\" decoding=\"async\" src=\"https:\/\/culturesconnection.com\/wp-content\/uploads\/2018\/11\/LARTC-04-1-940x623.jpg\" height=\"623\" width=\"940\" alt=\"Los servicios de Cultures Connecti\u00f3n volvieron a estar presentes en una edici\u00f3n de LARTC\" class=\"slider-12783 slide-12863 msDefaultImage\" title=\"LARTC Chile 2018 (07)\" \/><div class=\"caption-wrap\"><div class=\"caption\">Copyright: Cultures Connection.<\/div><\/div><\/li>\n                <li style=\"display: none; width: 100%;\" class=\"slide-12844 ms-image \" aria-roledescription=\"slide\" data-date=\"2018-11-12 15:55:04\" data-filename=\"LARTC-05-940x623.jpg\" data-slide-type=\"image\"><img loading=\"lazy\" decoding=\"async\" src=\"https:\/\/culturesconnection.com\/wp-content\/uploads\/2018\/11\/LARTC-05-940x623.jpg\" height=\"623\" width=\"940\" alt=\"Los servicios de Cultures Connecti\u00f3n volvieron a estar presentes en una edici\u00f3n de LARTC\" class=\"slider-12783 slide-12844 msDefaultImage\" title=\"LARTC Chile 2018 (04)\" \/><div class=\"caption-wrap\"><div class=\"caption\">Copyright: Cultures Connection.<\/div><\/div><\/li>\n                <li style=\"display: none; width: 100%;\" class=\"slide-12846 ms-image \" aria-roledescription=\"slide\" data-date=\"2018-11-12 15:55:12\" data-filename=\"LARTC-07-940x623.jpg\" data-slide-type=\"image\"><img loading=\"lazy\" decoding=\"async\" src=\"https:\/\/culturesconnection.com\/wp-content\/uploads\/2018\/11\/LARTC-07-940x623.jpg\" height=\"623\" width=\"940\" alt=\"Los servicios de Cultures Connecti\u00f3n volvieron a estar presentes en una edici\u00f3n de LARTC\" class=\"slider-12783 slide-12846 msDefaultImage\" title=\"LARTC Chile 2018 (05)\" \/><div class=\"caption-wrap\"><div class=\"caption\">Copyright: Cultures Connection.<\/div><\/div><\/li>\n                <li style=\"display: none; width: 100%;\" class=\"slide-12862 ms-image \" aria-roledescription=\"slide\" data-date=\"2018-11-12 16:19:52\" data-filename=\"LARTC-06-1-940x623.jpg\" data-slide-type=\"image\"><img loading=\"lazy\" decoding=\"async\" src=\"https:\/\/culturesconnection.com\/wp-content\/uploads\/2018\/11\/LARTC-06-1-940x623.jpg\" height=\"623\" width=\"940\" alt=\"Los servicios de Cultures Connecti\u00f3n volvieron a estar presentes en una edici\u00f3n de LARTC\" class=\"slider-12783 slide-12862 msDefaultImage\" title=\"LARTC Chile 2018 (08)\" \/><div class=\"caption-wrap\"><div class=\"caption\">Copyright: Cultures Connection.<\/div><\/div><\/li>\n                <li style=\"display: none; width: 100%;\" class=\"slide-12847 ms-image \" aria-roledescription=\"slide\" data-date=\"2018-11-12 15:55:16\" data-filename=\"LARTC-08-940x623.jpg\" data-slide-type=\"image\"><img loading=\"lazy\" decoding=\"async\" src=\"https:\/\/culturesconnection.com\/wp-content\/uploads\/2018\/11\/LARTC-08-940x623.jpg\" height=\"623\" width=\"940\" alt=\"Los servicios de Cultures Connecti\u00f3n volvieron a estar presentes en una edici\u00f3n de LARTC\" class=\"slider-12783 slide-12847 msDefaultImage\" title=\"LARTC Chile 2018 (06)\" \/><div class=\"caption-wrap\"><div class=\"caption\">Copyright: Cultures Connection.<\/div><\/div><\/li>\n            <\/ul>\n        <\/div>\n        \n    <\/div>\n<\/div>\n<h2><strong>Efici\u00eancia em eventos de grande porte<\/strong><\/h2>\n<p><span style=\"font-weight: 400;\">Um tra\u00e7o comum de eventos desse porte, que recebe um grande n\u00famero de clientes, \u00e9 a concentra\u00e7\u00e3o de diversas atividades em tempo e espa\u00e7o reduzidos. O \u00faltimo dia apresentou uma situa\u00e7\u00e3o delicada que a Cultures Connection conseguiu resolver com desenvoltura: tr\u00eas mesas redondas foram realizadas simultaneamente.<\/span><\/p>\n<p><span style=\"font-weight: 400;\">Na primeira sala houve apenas uma palestra para a qual foi solicitada interpreta\u00e7\u00e3o, de forma que os outros profissionais ficaram \u00e0 disposi\u00e7\u00e3o no caso de serem solicitados de forma inesperada. Entretanto, na outra sala, decorreram em simult\u00e2neo dois encontros solicitando servi\u00e7os de interpreta\u00e7\u00e3o.<\/span><\/p>\n<p><span style=\"font-weight: 400;\">Como as cabines n\u00e3o poderiam ser utilizadas ao mesmo tempo para duas palestras, a ag\u00eancia prop\u00f4s aos int\u00e9rpretes, aos ouvintes e ao p\u00fablico uma interpreta\u00e7\u00e3o sussurrada onde a vers\u00e3o adaptada do original \u00e9 retransmitida diretamente para as poucas pessoas que dela precisam. Todos os presentes concordaram e finalmente puderam participar ativamente sem problemas. <\/span><\/p>\n<p><span style=\"font-weight: 400;\">\u201cA programa\u00e7\u00e3o e a organiza\u00e7\u00e3o do evento foram muito boas. Os tempos do programa foram respeitados. Chamou a aten\u00e7\u00e3o a reatividade de Amandine, que esteve atenta \u00e0s mudan\u00e7as no programa verificando sempre se n\u00e3o precis\u00e1vamos de nada\u201d, contou Gonzalo, int\u00e9rprete de \u00e1reas t\u00e9cnicas como petroqu\u00edmica, medicina e finan\u00e7as h\u00e1 mais de 5 anos. <\/span><\/p>\n<p><span style=\"font-weight: 400;\">Para Amandine, \u201cTudo foi perfeito. As cabines foram montadas com anteced\u00eancia e, quando tiveram que troc\u00e1-las de sala, tudo foi feito com calma. O cliente ficou muito satisfeito.\u201d<\/span><\/p>\n<p>Tradu\u00e7\u00e3o para o portugu\u00eas: Mariana Altenbernd<\/p>\n<p>Conhe\u00e7a nossos <a href=\"https:\/\/culturesconnection.com\/interpreting-services\/\">servi\u00e7os de interpreta\u00e7\u00e3o<\/a>.<\/p>\n","protected":false},"excerpt":{"rendered":"<p>A Cultures Connection esteve presente em mais uma edi\u00e7\u00e3o do mais importante evento do setor petroqu\u00edmico da Am\u00e9rica Latina. [&#8230;]<\/p>\n<p><a class=\"btn btn-secondary understrap-read-more-link\" href=\"https:\/\/culturesconnection.com\/pt-br\/2021\/11\/22\/lartc-no-chile-interpretacao-simultanea-para-a-industria-petroquimica-latino-americana\/\">Leia mais&#8230;<span class=\"screen-reader-text\"> from LARTC no Chile: Interpreta\u00e7\u00e3o simult\u00e2nea para a ind\u00fastria petroqu\u00edmica latino-americana<\/span><\/a><\/p>\n","protected":false},"author":22,"featured_media":12790,"comment_status":"closed","ping_status":"closed","sticky":false,"template":"","format":"standard","meta":{"_acf_changed":false,"_editorskit_title_hidden":false,"_editorskit_reading_time":0,"_editorskit_is_block_options_detached":false,"_editorskit_block_options_position":"{}","footnotes":""},"categories":[15287,348],"tags":[],"class_list":["post-24361","post","type-post","status-publish","format-standard","has-post-thumbnail","hentry","category-servicos-de-interpretacao","category-sobre-a-traducao"],"acf":[],"_links":{"self":[{"href":"https:\/\/culturesconnection.com\/pt-br\/wp-json\/wp\/v2\/posts\/24361","targetHints":{"allow":["GET"]}}],"collection":[{"href":"https:\/\/culturesconnection.com\/pt-br\/wp-json\/wp\/v2\/posts"}],"about":[{"href":"https:\/\/culturesconnection.com\/pt-br\/wp-json\/wp\/v2\/types\/post"}],"author":[{"embeddable":true,"href":"https:\/\/culturesconnection.com\/pt-br\/wp-json\/wp\/v2\/users\/22"}],"replies":[{"embeddable":true,"href":"https:\/\/culturesconnection.com\/pt-br\/wp-json\/wp\/v2\/comments?post=24361"}],"version-history":[{"count":0,"href":"https:\/\/culturesconnection.com\/pt-br\/wp-json\/wp\/v2\/posts\/24361\/revisions"}],"wp:featuredmedia":[{"embeddable":true,"href":"https:\/\/culturesconnection.com\/pt-br\/wp-json\/wp\/v2\/media\/12790"}],"wp:attachment":[{"href":"https:\/\/culturesconnection.com\/pt-br\/wp-json\/wp\/v2\/media?parent=24361"}],"wp:term":[{"taxonomy":"category","embeddable":true,"href":"https:\/\/culturesconnection.com\/pt-br\/wp-json\/wp\/v2\/categories?post=24361"},{"taxonomy":"post_tag","embeddable":true,"href":"https:\/\/culturesconnection.com\/pt-br\/wp-json\/wp\/v2\/tags?post=24361"}],"curies":[{"name":"wp","href":"https:\/\/api.w.org\/{rel}","templated":true}]}}