{"id":3880,"date":"2015-07-30T13:00:29","date_gmt":"2015-07-30T11:00:29","guid":{"rendered":"http:\/\/culturesconnection.com\/?p=3880"},"modified":"2020-08-12T11:03:16","modified_gmt":"2020-08-12T10:03:16","slug":"esperanto-langue-construite","status":"publish","type":"post","link":"https:\/\/culturesconnection.com\/fr\/2015\/07\/30\/esperanto-langue-construite\/","title":{"rendered":"L\u2019esp\u00e9ranto: la seule langue construite \u00e0 \u00eatre devenue vivante"},"content":{"rendered":"<p><strong>Toutes les informations sur la langue universelle, l&rsquo;esp\u00e9ranto, \u00e0 l&rsquo;occasion du 100e congr\u00e8s mondial d\u2019esp\u00e9ranto \u00e0 Lille du 25 juillet au 1er ao\u00fbt 2015 !<\/strong><!--more--><\/p>\n<p>A l\u2019occasion du 100e congr\u00e9s mondial d&rsquo;esp\u00e9ranto, penchons-nous sur cette langue qui, si elle est peu souvent la langue cible des <a href=\"https:\/\/culturesconnection.com\/fr\/traduction-commerciale\/\">traductions commerciales<\/a>, des <a href=\"https:\/\/culturesconnection.com\/fr\/traduction-juridique\/\">traductions juridiques<\/a>\u00a0ou des <a href=\"https:\/\/culturesconnection.com\/fr\/traduction-medicale\/\">traductions m\u00e9dicales<\/a>, est \u00e0 ce jour la seule langue construite \u00e0 \u00eatre devenue une langue vivante.<\/p>\n<h2><strong>La cr\u00e9ation de l&rsquo;esp\u00e9ranto<\/strong><\/h2>\n<p>C\u2019est dans le nord de la Pologne, \u00e0 Bialystok, que Ludwik Lejzer Zamenhof est n\u00e9 en 1859. Tr\u00e8s t\u00f4t il exprime sa volont\u00e9 de cr\u00e9er une langue \u00e9quitable pour la communication internationale. A 19 ans, il pr\u00e9sente son projet \u00e0 ses camarades de lyc\u00e9e. En 1887, apr\u00e8s ses \u00e9tudes d\u2019ophtalmologie, Zamenhof publie, \u00e0 Varsovie et en russe, son ouvrage <em>Langue internationale, premier manuel d\u2019apprentissage de l\u2019esp\u00e9ranto<\/em>, sign\u00e9 du pseudonyme Doktoro Esperanto.<\/p>\n<h2><strong>L&rsquo;\u00e9volution de l&rsquo;esp\u00e9ranto au cours du XXe si\u00e8cle<\/strong><\/h2>\n<p>L&rsquo;esp\u00e9ranto conna\u00eet d\u2019embl\u00e9e un vif succ\u00e8s, tout d\u2019abord dans la Russie imp\u00e9riale et en Europe de l\u2019Est. Son apprentissage se r\u00e9pend ensuite dans le reste de l\u2019Europe et en Am\u00e9rique, avant de gagner le Japon suite \u00e0 la guerre russo-japonaise de 1904-1905. Les premiers cours d\u2019esp\u00e9ranto en Chine sont donn\u00e9s en 1906. Une ann\u00e9e avant avait eu lieu le premier congr\u00e8s mondial d\u2019esp\u00e9ranto, \u00e0 Boulogne-sur-Mer qui marque l\u2019av\u00e8nement d\u2019un esp\u00e9ranto parl\u00e9 (il n\u2019\u00e9tait jusqu\u2019alors qu\u2019\u00e9crit). La diffusion de l\u2019esp\u00e9ranto souffrira des deux guerres mondiales, mais reprendra dans les ann\u00e9es 50 avec la cr\u00e9ation de nombreux clubs et associations.<\/p>\n<h2><strong>Vers des traductions juridiques et des traductions financi\u00e8res en esp\u00e9ranto ?<\/strong><\/h2>\n<p>Dans les ann\u00e9es 2000, avec l\u2019av\u00e8nement de l\u2019internet, l&rsquo;esp\u00e9ranto a connu un renouveau. Aujourd\u2019hui, selon le linguiste Jouko Lindstedt, 1 000 personnes dans le monde ont l\u2019\u00e9speranto comme langue maternelle et 1 million\u00a0de personnes le parlent. Des romans se publient r\u00e9guli\u00e8rement en esp\u00e9ranto, donnant lieu par la suite \u00e0 des <a href=\"https:\/\/culturesconnection.com\/fr\/services-de-traduction\/\">traductions dans diff\u00e9rentes langues<\/a>.<\/p>\n<h2><strong>Caract\u00e9ristiques linguistiques<\/strong><\/h2>\n<p>Si le vocabulaire de l&rsquo;esp\u00e9ranto le rapproche des langues indo-europ\u00e9ennes, sa typologie morphologique le rapproche plut\u00f4t des langues isolantes telles le chinois ou des langues agglutinantes comme le japonais ou le finnois. L&rsquo;esp\u00e9ranto poss\u00e8de 28 phon\u00e8mes, qui se transcrivent \u00e0 l\u2019aide de 28 lettres (22 lettres de l\u2019alphabet latin et 6 lettres utilisant deux diacritiques). Son orthographe est parfaitement phonologique: chaque phon\u00e8me est repr\u00e9sent\u00e9 par une seule lettre.<\/p>\n<h2><strong>Lille 2015: 100e congr\u00e8s mondial d&rsquo;esp\u00e9ranto<\/strong><\/h2>\n<p>Le 100e congr\u00e8s mondial d&rsquo;esp\u00e9ranto se tiendra \u00e0 Lille du 25 juillet au 1er ao\u00fbt 2015. Le th\u00e8me en est: Lingvoj, artoj kaj valoroj en la dialogo inter kulturoj (ce qui signifie, vous l\u2019aurez peut-\u00eatre compris, \u201cLangues, arts et valeurs dans le dialogue interculturel\u201d). 110 ans apr\u00e8s le premier congr\u00e8s mondial d&rsquo;esp\u00e9ranto de Boulogne-sur-Mer, les organisateurs attendent plus de 3 000 participants venus du monde entier.<\/p>\n<p>D\u00e9couvrez notre <a href=\"https:\/\/culturesconnection.com\/fr\/\">agence de traduction<\/a>.<\/p>\n","protected":false},"excerpt":{"rendered":"<p>Le 100e congr\u00e8s mondial d&rsquo;esp\u00e9ranto se d\u00e9roulera \u00e0 Lille du 25 juillet au 1er ao\u00fbt 2015. O\u00f9 et comment est n\u00e9 l&rsquo;esp\u00e9ranto? Quelles sont les caract\u00e9ristiques de l&rsquo;esp\u00e9ranto? Cette langue dite \u00ab\u00a0universelle\u00a0\u00bb pourra-t-elle un jour concurrencer l&rsquo;anglais? [&#8230;]<\/p>\n<p><a class=\"btn btn-secondary understrap-read-more-link\" href=\"https:\/\/culturesconnection.com\/fr\/2015\/07\/30\/esperanto-langue-construite\/\">Lire la suite\u2026<span class=\"screen-reader-text\"> from L\u2019esp\u00e9ranto: la seule langue construite \u00e0 \u00eatre devenue vivante<\/span><\/a><\/p>\n","protected":false},"author":20,"featured_media":3882,"comment_status":"closed","ping_status":"closed","sticky":false,"template":"","format":"standard","meta":{"_acf_changed":false,"_editorskit_title_hidden":false,"_editorskit_reading_time":0,"_editorskit_is_block_options_detached":false,"_editorskit_block_options_position":"{}","footnotes":""},"categories":[294,290,132,251],"tags":[250],"class_list":["post-3880","post","type-post","status-publish","format-standard","has-post-thumbnail","hentry","category-actualite","category-apprendre-les-langues","category-culture-et-traduction","category-about-translation-fr","tag-esperanto"],"acf":[],"_links":{"self":[{"href":"https:\/\/culturesconnection.com\/fr\/wp-json\/wp\/v2\/posts\/3880","targetHints":{"allow":["GET"]}}],"collection":[{"href":"https:\/\/culturesconnection.com\/fr\/wp-json\/wp\/v2\/posts"}],"about":[{"href":"https:\/\/culturesconnection.com\/fr\/wp-json\/wp\/v2\/types\/post"}],"author":[{"embeddable":true,"href":"https:\/\/culturesconnection.com\/fr\/wp-json\/wp\/v2\/users\/20"}],"replies":[{"embeddable":true,"href":"https:\/\/culturesconnection.com\/fr\/wp-json\/wp\/v2\/comments?post=3880"}],"version-history":[{"count":0,"href":"https:\/\/culturesconnection.com\/fr\/wp-json\/wp\/v2\/posts\/3880\/revisions"}],"wp:featuredmedia":[{"embeddable":true,"href":"https:\/\/culturesconnection.com\/fr\/wp-json\/wp\/v2\/media\/3882"}],"wp:attachment":[{"href":"https:\/\/culturesconnection.com\/fr\/wp-json\/wp\/v2\/media?parent=3880"}],"wp:term":[{"taxonomy":"category","embeddable":true,"href":"https:\/\/culturesconnection.com\/fr\/wp-json\/wp\/v2\/categories?post=3880"},{"taxonomy":"post_tag","embeddable":true,"href":"https:\/\/culturesconnection.com\/fr\/wp-json\/wp\/v2\/tags?post=3880"}],"curies":[{"name":"wp","href":"https:\/\/api.w.org\/{rel}","templated":true}]}}