{"id":26090,"date":"2020-10-09T13:20:47","date_gmt":"2020-10-09T12:20:47","guid":{"rendered":"http:\/\/culturesconnection.com\/?p=26090"},"modified":"2022-12-13T13:50:54","modified_gmt":"2022-12-13T12:50:54","slug":"sous-titrer-les-caraibes-un-joli-defi","status":"publish","type":"post","link":"https:\/\/culturesconnection.com\/fr\/2020\/10\/09\/sous-titrer-les-caraibes-un-joli-defi\/","title":{"rendered":"Sous-titrer les Cara\u00efbes : un joli d\u00e9fi"},"content":{"rendered":"<p><strong>Cultures Connection a fourni des services de sous-titrage pour 5 films pr\u00e9sent\u00e9s au Festival International du Film d\u2019Amazonie et des Cara\u00efbes (FIFAC)<\/strong><\/p>\n<p><span style=\"font-weight: 400;\">&#8212;&#8212;&#8212;-<\/span><\/p>\n<p><span style=\"font-weight: 400;\">Le cin\u00e9ma va bien au-del\u00e0 des superproductions et des films hollywoodiens \u00e0 succ\u00e8s. Les films jouent un r\u00f4le immense dans le rapprochement des cultures, m\u00eame ceux qui ne sont pas aussi populaires que les sc\u00e9narios d\u2019Am\u00e9rique du nord et d\u2019Europe que tout le monde conna\u00eet. Les documentaires, tout particuli\u00e8rement, visent \u00e0 faire le portrait des r\u00e9alit\u00e9s sociales le plus fid\u00e8lement possible. Les festivals de films comme le FIFAC s\u2019efforcent de rendre plus accessibles, y compris \u00e0 l\u2019international, des productions issues de r\u00e9gions peu repr\u00e9sent\u00e9es telles que les Cara\u00efbes et l\u2019Amazonie.&nbsp;<\/span><\/p>\n<p>&nbsp;<\/p>\n<h2><b>L\u2019Amazonie \u2013 R\u00e9aliser des documentaires carib\u00e9ens<\/b><\/h2>\n<p><span style=\"font-weight: 400;\">Le <\/span><a href=\"https:\/\/festivalfifac.com\/en\/\" target=\"_blank\" rel=\"noopener\"><i><span style=\"font-weight: 400;\">Festival International du Film Documentaire Amazonie &#8211; Cara\u00efbes<\/span><\/i><\/a> <span style=\"font-weight: 400;\">(FIFAC), est un \u00e9v\u00e9nement multiculturel qui a lieu depuis&nbsp;2018 et qui pr\u00e9sente des documentaires et des contenus num\u00e9riques inspir\u00e9s par les peuples, les cultures et les identit\u00e9s du bassin amazonien et des Cara\u00efbes. Le festival fait partie de la m\u00eame initiative que le Festival International du Film documentaire Oc\u00e9anien (FIFO) et le Festival du film oc\u00e9anien.<\/span><\/p>\n<p><span style=\"font-weight: 400;\">La seconde \u00e9dition du FIFAC se tient dans la ville de Saint-Laurent du Maroni en Guyane fran\u00e7aise, du 6&nbsp;au 10&nbsp;octobre. L\u2019\u00e9v\u00e9nement rassemble le public et les professionnels et les amateurs de la r\u00e9alisation de film documentaire. Le festival a lieu en plein air et virtuellement, avec un acc\u00e8s en ligne \u00e0 un total de 12&nbsp;longs-m\u00e9trages, 10&nbsp;courts-m\u00e9trages et 7&nbsp;web-documentaires produits en Guyane fran\u00e7aise et dans les r\u00e9gions de l\u2019Amazonie et des Cara\u00efbes pendant ces deux derni\u00e8res ann\u00e9es.&nbsp;<\/span><\/p>\n<h2><b>Sous-titrage par Cultures Connection&nbsp;: un joli d\u00e9fi<\/b><\/h2>\n<p><span style=\"font-weight: 400;\">La traduction audiovisuelle et les <\/span><a href=\"https:\/\/culturesconnection.com\/audiovisual-translation-and-subtitling\/\"><span style=\"font-weight: 400;\">services<\/span><\/a><span style=\"font-weight: 400;\"> de sous-titrage<\/span> <span style=\"font-weight: 400;\">sont essentiels pour l\u2019industrie du cin\u00e9ma afin de permettre de d\u00e9passer les fronti\u00e8res. C\u2019est pourquoi les organisateurs du FIFAC&nbsp;2020 ont fait appel \u00e0 Cultures Connection, une agence de traduction internationale qui a des liens \u00e9troits avec les Am\u00e9riques, en particulier l\u2019Am\u00e9rique du sud, gr\u00e2ce \u00e0 la diversit\u00e9 culturelle de son \u00e9quipe. En fait, ses chefs de projets sont des amoureux du cin\u00e9ma qui ont \u00e9tudi\u00e9 la traduction audiovisuelle et collabor\u00e9 avec le minist\u00e8re de la Culture et \u00e9galement avec de nombreux mus\u00e9es (par exemple, le Centre Pompidou et le Mus\u00e9e oc\u00e9anographique de Monaco).&nbsp;<\/span><\/p>\n<p>&nbsp;<\/p>\n<p><span style=\"font-weight: 400;\">La mission de sous-titrage pour le FIFAC a constitu\u00e9 un d\u00e9fi passionnant. En effet, le documentaire <\/span><a href=\"https:\/\/festivalfifac.com\/en\/2020\/webdocs\/imcitizen1-sur-10-episodes-onika-i-dont-call-him-ghetto\/\" target=\"_blank\" rel=\"noopener\"><span style=\"font-weight: 400;\">I&rsquo;m Citizen<\/span><\/a><span style=\"font-weight: 400;\"> \u00e9tait particulier parce qu\u2019une des langues parl\u00e9es est le cr\u00e9ole anglais de Trinidad et qu\u2019il fallait parfaitement traduire la langue\u2026 sans compter que la vid\u00e9o n\u2019avait pas de transcription.<\/span><\/p>\n<p><span style=\"font-weight: 400;\">L\u2019\u00e9quipe de Cultures Connection a \u00e9t\u00e9 charg\u00e9e de traduire et sous-titrer en fran\u00e7ais les films suivants, programm\u00e9s au festival&nbsp;: <\/span><a href=\"https:\/\/festivalfifac.com\/en\/2020\/competition\/lapu\/\" target=\"_blank\" rel=\"noopener\"><span style=\"font-weight: 400;\">Lapu<\/span><\/a> <span style=\"font-weight: 400;\">(Colombie),<\/span><a href=\"https:\/\/festivalfifac.com\/en\/2020\/competition\/eraseunavez-en-venezuela-congo-mirador\/\" target=\"_blank\" rel=\"noopener\"> <span style=\"font-weight: 400;\">Once Upon a Time in Venezuela, Congo Mirador<\/span><\/a><span style=\"font-weight: 400;\"> (Venezuela),<\/span><a href=\"https:\/\/festivalfifac.com\/en\/2020\/competition\/massacre-river\/\" target=\"_blank\" rel=\"noopener\"> <span style=\"font-weight: 400;\">Massacre River<\/span><\/a><span style=\"font-weight: 400;\"> (R\u00e9publique dominicaine\/Ha\u00efti), le documentaire<\/span><a href=\"https:\/\/festivalfifac.com\/en\/2020\/webdocs\/imcitizen1-sur-10-episodes-onika-i-dont-call-him-ghetto\/\" target=\"_blank\" rel=\"noopener\"> <span style=\"font-weight: 400;\">I&rsquo;m Citizen<\/span><\/a><span style=\"font-weight: 400;\"> (Trinidad-et-Tobago) et le court-m\u00e9trage<\/span><a href=\"https:\/\/festivalfifac.com\/en\/2020\/courts-metrages\/unbroken\/\" target=\"_blank\" rel=\"noopener\"> <span style=\"font-weight: 400;\">Unbroken<\/span><\/a><span style=\"font-weight: 400;\"> (Jama\u00efque).<\/span><\/p>\n<p><b><div id=\"metaslider-id-24431\" style=\"max-width: 940px;\" class=\"ml-slider-3-107-0 metaslider metaslider-flex metaslider-24431 ml-slider has-dots-nav ms-theme-default\" role=\"region\" aria-label=\"FIFAC\" data-height=\"623\" data-width=\"940\">\n    <div id=\"metaslider_container_24431\">\n        <div id=\"metaslider_24431\" class=\"flexslider\">\n            <ul class='slides'>\n                <li style=\"display: block; width: 100%;\" class=\"slide-24432 ms-image \" aria-roledescription=\"slide\" data-date=\"2020-10-01 20:10:52\" data-filename=\"Era-vez-en-Venezuela-648x429.jpg\" data-slide-type=\"image\"><img loading=\"lazy\" decoding=\"async\" src=\"https:\/\/culturesconnection.com\/wp-content\/uploads\/2020\/10\/Era-vez-en-Venezuela-648x429.jpg\" height=\"623\" width=\"940\" alt=\"\" class=\"slider-24431 slide-24432 msDefaultImage\" title=\"Era-vez-en-Venezuela\" \/><\/li>\n                <li style=\"display: none; width: 100%;\" class=\"slide-24433 ms-image \" aria-roledescription=\"slide\" data-date=\"2020-10-01 20:11:05\" data-filename=\"I_am-citizen-Onika-648x429.jpg\" data-slide-type=\"image\"><img loading=\"lazy\" decoding=\"async\" src=\"https:\/\/culturesconnection.com\/wp-content\/uploads\/2020\/10\/I_am-citizen-Onika-648x429.jpg\" height=\"623\" width=\"940\" alt=\"\" class=\"slider-24431 slide-24433 msDefaultImage\" title=\"I_am-citizen-Onika\" \/><\/li>\n                <li style=\"display: none; width: 100%;\" class=\"slide-24434 ms-image \" aria-roledescription=\"slide\" data-date=\"2020-10-01 20:11:06\" data-filename=\"lapu-une-550x365.jpg\" data-slide-type=\"image\"><img loading=\"lazy\" decoding=\"async\" src=\"https:\/\/culturesconnection.com\/wp-content\/uploads\/2020\/10\/lapu-une-550x365.jpg\" height=\"623\" width=\"940\" alt=\"\" class=\"slider-24431 slide-24434 msDefaultImage\" title=\"lapu-une\" \/><\/li>\n                <li style=\"display: none; width: 100%;\" class=\"slide-24435 ms-image \" aria-roledescription=\"slide\" data-date=\"2020-10-01 20:11:06\" data-filename=\"Massacre-River_small-648x429.jpg\" data-slide-type=\"image\"><img loading=\"lazy\" decoding=\"async\" src=\"https:\/\/culturesconnection.com\/wp-content\/uploads\/2020\/10\/Massacre-River_small-648x429.jpg\" height=\"623\" width=\"940\" alt=\"\" class=\"slider-24431 slide-24435 msDefaultImage\" title=\"Massacre-River_small\" \/><\/li>\n                <li style=\"display: none; width: 100%;\" class=\"slide-24436 ms-image \" aria-roledescription=\"slide\" data-date=\"2020-10-01 20:11:06\" data-filename=\"UnBroken_Production-Still-547x363.jpg\" data-slide-type=\"image\"><img loading=\"lazy\" decoding=\"async\" src=\"https:\/\/culturesconnection.com\/wp-content\/uploads\/2020\/10\/UnBroken_Production-Still-547x363.jpg\" height=\"623\" width=\"940\" alt=\"\" class=\"slider-24431 slide-24436 msDefaultImage\" title=\"UnBroken_Production-Still\" \/><\/li>\n            <\/ul>\n        <\/div>\n        \n    <\/div>\n<\/div><\/b><\/p>\n<h2><b>\u00ab&nbsp;Organiser un festival ressemble \u00e0 un sport de combat&nbsp;\u00bb<\/b><\/h2>\n<p><span style=\"font-weight: 400;\">\u00ab&nbsp;La crise sanitaire a plong\u00e9 les th\u00e9\u00e2tres et les cin\u00e9mas dans une situation sans pr\u00e9c\u00e9dent et a mis en danger des centaines de milliers d\u2019emplois et toute l\u2019\u00e9conomie. Comment faire vivre la culture sans sa principale raison d\u2019\u00eatre, \u00e0 savoir rencontrer le public&nbsp;? Dans de telles conditions, organiser un festival ressemble \u00e0 un sport de combat, qui vous oblige \u00e0 vous r\u00e9inventer en permanence et \u00e0 vous adapter pour exister&nbsp;\u00bb, dit Fr\u00e9d\u00e9ric Belleney, D\u00e9l\u00e9gu\u00e9 G\u00e9n\u00e9ral du FIFAC.&nbsp;<\/span><\/p>\n<p><span style=\"font-weight: 400;\">L\u2019\u00e9v\u00e9nement est possible gr\u00e2ce aux efforts des producteurs, r\u00e9alisateurs, artistes, institutions et autres professionnels du secteur. De plus, Fr\u00e9d\u00e9ric Belleney est reconnaissant \u00e0 Cultures Connection pour son r\u00f4le&nbsp;: \u00ab&nbsp;Cr\u00e9er les sous-titres en fran\u00e7ais contribue \u00e9galement \u00e0 la promotion des films et permet d\u2019\u00e9tendre leur zone de diffusion&nbsp;!&nbsp;\u00bb.<\/span><\/p>\n<p><span style=\"font-weight: 400;\">\u00ab&nbsp;Notre programmation refl\u00e8te le monde, compos\u00e9 de luttes multiples. Elle t\u00e9moigne de l\u2019\u00e9tat de notre soci\u00e9t\u00e9&nbsp;: la d\u00e9forestation de la for\u00eat tropicale amazonienne, la pollution des oc\u00e9ans et des sols, la violence \u00e0 l\u2019encontre des femmes, le racisme et la discrimination. Mais elle parle aussi de libert\u00e9, d\u2019amour et de l\u2019union des cultures&nbsp;\u00bb.&nbsp;<\/span><\/p>\n","protected":false},"excerpt":{"rendered":"<p>Cultures Connection a fourni des services de sous-titrage pour 5 films pr\u00e9sent\u00e9s au Festival International du Film d\u2019Amazonie et des Cara\u00efbes (FIFAC) &#8212;&#8212;&#8212;- Le cin\u00e9ma [&#8230;]<\/p>\n<p><a class=\"btn btn-secondary understrap-read-more-link\" href=\"https:\/\/culturesconnection.com\/fr\/2020\/10\/09\/sous-titrer-les-caraibes-un-joli-defi\/\">Lire la suite\u2026<span class=\"screen-reader-text\"> from Sous-titrer les Cara\u00efbes : un joli d\u00e9fi<\/span><\/a><\/p>\n","protected":false},"author":71,"featured_media":24374,"comment_status":"closed","ping_status":"closed","sticky":false,"template":"","format":"standard","meta":{"_acf_changed":false,"_editorskit_title_hidden":false,"_editorskit_reading_time":0,"_editorskit_is_block_options_detached":false,"_editorskit_block_options_position":"{}","footnotes":""},"categories":[242,31782,132,247,251],"tags":[],"class_list":["post-26090","post","type-post","status-publish","format-standard","has-post-thumbnail","hentry","category-audiovisuel","category-culture-fr","category-culture-et-traduction","category-sous-titres","category-about-translation-fr"],"acf":[],"_links":{"self":[{"href":"https:\/\/culturesconnection.com\/fr\/wp-json\/wp\/v2\/posts\/26090","targetHints":{"allow":["GET"]}}],"collection":[{"href":"https:\/\/culturesconnection.com\/fr\/wp-json\/wp\/v2\/posts"}],"about":[{"href":"https:\/\/culturesconnection.com\/fr\/wp-json\/wp\/v2\/types\/post"}],"author":[{"embeddable":true,"href":"https:\/\/culturesconnection.com\/fr\/wp-json\/wp\/v2\/users\/71"}],"replies":[{"embeddable":true,"href":"https:\/\/culturesconnection.com\/fr\/wp-json\/wp\/v2\/comments?post=26090"}],"version-history":[{"count":0,"href":"https:\/\/culturesconnection.com\/fr\/wp-json\/wp\/v2\/posts\/26090\/revisions"}],"wp:featuredmedia":[{"embeddable":true,"href":"https:\/\/culturesconnection.com\/fr\/wp-json\/wp\/v2\/media\/24374"}],"wp:attachment":[{"href":"https:\/\/culturesconnection.com\/fr\/wp-json\/wp\/v2\/media?parent=26090"}],"wp:term":[{"taxonomy":"category","embeddable":true,"href":"https:\/\/culturesconnection.com\/fr\/wp-json\/wp\/v2\/categories?post=26090"},{"taxonomy":"post_tag","embeddable":true,"href":"https:\/\/culturesconnection.com\/fr\/wp-json\/wp\/v2\/tags?post=26090"}],"curies":[{"name":"wp","href":"https:\/\/api.w.org\/{rel}","templated":true}]}}