{"id":12872,"date":"2018-11-21T15:00:16","date_gmt":"2018-11-21T13:00:16","guid":{"rendered":"http:\/\/culturesconnection.com\/?p=12872"},"modified":"2020-08-10T12:35:49","modified_gmt":"2020-08-10T11:35:49","slug":"lartc-au-chili-interpretation-simultanee-pour-lindustrie-petrochimique-latine","status":"publish","type":"post","link":"https:\/\/culturesconnection.com\/fr\/2018\/11\/21\/lartc-au-chili-interpretation-simultanee-pour-lindustrie-petrochimique-latine\/","title":{"rendered":"LARTC au Chili : interpr\u00e9tation simultan\u00e9e pour l&rsquo;industrie p\u00e9trochimique latine"},"content":{"rendered":"<p><b>Les services de Cultures Connection \u00e9taient \u00e0 nouveau pr\u00e9sents dans une nouvelle \u00e9dition de l&rsquo;\u00e9v\u00e9nement le plus important pour le secteur p\u00e9trochimique en Am\u00e9rique latine.<\/b><!--more--><\/p>\n<p><span style=\"font-weight: 400;\">Les principaux repr\u00e9sentants de l&rsquo;industrie p\u00e9trochimique et du raffinage en Am\u00e9rique latine se sont rencontr\u00e9s au Chili pour discuter des perspectives d&#8217;emploi sur le continent, et <a href=\"https:\/\/culturesconnection.com\/fr\/\">Cultures Connection<\/a> \u00e9tait pr\u00e9sente. L&rsquo;agence a organis\u00e9 pour la conf\u00e9rence latino-am\u00e9ricaine sur les technologies de raffinage (<a href=\"https:\/\/lartc.wraconferences.com\/\" target=\"_blank\" rel=\"noopener\">LARTC<\/a> en anglais), un <a href=\"https:\/\/culturesconnection.com\/fr\/interpretation-de-conference\/\">service d&rsquo;interpr\u00e9tation simultan\u00e9e<\/a> les 16, 17 et 18 octobre, qui a r\u00e9uni des hommes d&rsquo;affaires hispanophones et anglophones d\u2019une industrie cl\u00e9 pour la r\u00e9gion.<\/span><\/p>\n<p><span style=\"font-weight: 400;\">Cultures Connection travaille depuis deux ans \u00e0 la mise en place de ces journ\u00e9es, qui se d\u00e9roulent dans diff\u00e9rentes villes d&rsquo;Am\u00e9rique latine. Pour l&rsquo;occasion, la rencontre s&rsquo;est tenue \u00e0 l&rsquo;h\u00f4tel Intercontinental de Santiago du Chili, en pr\u00e9sence de plus de 200 hommes d&rsquo;affaires des Etats-Unis, d&rsquo;Am\u00e9rique latine et d&rsquo;Europe.<\/span><\/p>\n<p><span style=\"font-weight: 400;\">Quatre interpr\u00e8tes professionnels ont assist\u00e9 aux conf\u00e9rences, tables rondes et aux groupes de discussion pr\u00e9vus et \u00e9taient disponibles pour les pr\u00e9sentations qui en avaient besoin. L\u2019interpr\u00e9tation se faisait de l\u2019anglais vers l\u2019espagnol et de l\u2019espagnol vers l\u2019anglais. Les th\u00e8mes abord\u00e9s \u00e9taient tous tr\u00e8s techniques. L&rsquo;agence a \u00e9galement mis \u00e0 la disposition du client deux cabines insonoris\u00e9es, 150 r\u00e9cepteurs pour l&rsquo;interpr\u00e9tation simultan\u00e9e, deux assistants pour la livraison et la r\u00e9ception des dispositifs d&rsquo;interpr\u00e9tation, et deux techniciens de contr\u00f4le.<\/span><\/p>\n<p><span style=\"font-weight: 400;\">\u00ab Le montage r\u00e9alis\u00e9 par l&rsquo;\u00e9quipe de techniciens \u00e9tait professionnel. Le niveau de chacun \u00e9tait tr\u00e8s bon et nous avons re\u00e7u des commentaires tr\u00e8s positifs de la part des participants, qui sont toujours agr\u00e9ables pour les interpr\u00e8tes \u00bb, a d\u00e9clar\u00e9 Amandine, repr\u00e9sentante de Cultures Connection qui s&rsquo;est d\u00e9plac\u00e9e sp\u00e9cialement depuis les <a href=\"https:\/\/culturesconnection.com\/fr\/agence-de-traduction-buenos-aires\/\">bureaux de l&rsquo;agence \u00e0 Buenos Aires<\/a> pour superviser le bon d\u00e9roulement de l&rsquo;interpr\u00e9tation. <\/span><\/p>\n<p><span style=\"font-weight: 400;\">Les leaders du secteur en Am\u00e9rique latine se sont mis d&rsquo;accord sur le potentiel du march\u00e9, conscients des diff\u00e9rents contextes qui existent dans les pays, du manque d&rsquo;optimisation g\u00e9n\u00e9rale des ressources et de la sensibilit\u00e9 \u00e0 la situation internationale. Ils ont soulign\u00e9 la n\u00e9cessit\u00e9 d&rsquo;accro\u00eetre le niveau des investissements et de le faire de mani\u00e8re efficace dans le but d&rsquo;\u00eatre productifs et durables.<\/span><\/p>\n<p><span style=\"font-weight: 400;\">Dans l&rsquo;un des plus grands salons, des dirigeants de l&rsquo;ENAP, YPF, Petrobras, Axion, Braskem et Ecopetrol ont parl\u00e9 de la recherche d&rsquo;une comp\u00e9titivit\u00e9 globale en aval, face au d\u00e9s\u00e9quilibre qui existe entre importation et exportation de produits p\u00e9trochimiques ou de l&rsquo;\u00e9volution des v\u00e9hicules \u00e9lectriques. Ricardo Irarr\u00e1zabal S\u00e1nchez, sous-secr\u00e9taire \u00e0 l&rsquo;\u00e9nergie du minist\u00e8re de l&rsquo;\u00c9nergie du Chili, a fait une th\u00e8se sur les plans d&rsquo;investissement de son gouvernement dans le cadre de l&rsquo;impulsion qu&rsquo;il entend donner au secteur \u00e9nerg\u00e9tique.<\/span><\/p>\n<p><span style=\"font-weight: 400;\">Il y avait une grande vari\u00e9t\u00e9 de conf\u00e9rences ayant des th\u00e8mes tr\u00e8s diff\u00e9rents les unes des autres. La Banque mondiale a r\u00e9fl\u00e9chi \u00e0 la mani\u00e8re d&rsquo;investir dans un contexte de transition vers une \u00e9nergie plus propre. La direction de Shell s&rsquo;est concentr\u00e9e sur la s\u00e9curit\u00e9 pour expliquer les probl\u00e8mes op\u00e9rationnels caus\u00e9s par l&rsquo;\u00e9quipement obsol\u00e8te de l&rsquo;une de ses raffineries. Emerson Automation Solutions a soulign\u00e9 les avantages de l&rsquo;utilisation des d\u00e9veloppements informatiques sur le terrain. Les interpr\u00e8tes de Cultures Connection ont su s&rsquo;adapter aux diff\u00e9rents sc\u00e9narios pos\u00e9s par les th\u00e8mes et vocabulaires sp\u00e9cifiques employ\u00e9s par les personnalit\u00e9s les plus en vue du secteur.<\/span><\/p>\n<p><span style=\"font-weight: 400;\">\u00ab Il y a eu des discussions de 35 minutes chacune, la plupart d&rsquo;entre elles \u00e0 un rythme assez rapide. Comme les exposants ne disposaient que de peu de temps, l\u2019interpr\u00e9tation a \u00e9t\u00e9 tout aussi rapide \u00bb, explique Gonzalo, l&rsquo;un des professionnels qui a particip\u00e9 \u00e0 la conf\u00e9rence.<\/span><\/p>\n<div id=\"metaslider-id-12783\" style=\"max-width: 940px;\" class=\"ml-slider-3-107-0 metaslider metaslider-flex metaslider-12783 ml-slider has-dots-nav ms-theme-cubic\" role=\"region\" aria-label=\"LARTC Chile\" data-height=\"623\" data-width=\"940\">\n    <div id=\"metaslider_container_12783\">\n        <div id=\"metaslider_12783\" class=\"flexslider\">\n            <ul class='slides'>\n                <li style=\"display: block; width: 100%;\" class=\"slide-12840 ms-image \" aria-roledescription=\"slide\" data-date=\"2018-11-12 15:54:48\" data-filename=\"LARTC-01-940x623.jpg\" data-slide-type=\"image\"><img loading=\"lazy\" decoding=\"async\" src=\"https:\/\/culturesconnection.com\/wp-content\/uploads\/2018\/11\/LARTC-01-940x623.jpg\" height=\"623\" width=\"940\" alt=\"Los servicios de Cultures Connecti\u00f3n volvieron a estar presentes en una edici\u00f3n de LARTC\" class=\"slider-12783 slide-12840 msDefaultImage\" title=\"LARTC Chile 2018 (01)\" \/><div class=\"caption-wrap\"><div class=\"caption\">Copyright: Cultures Connection.<\/div><\/div><\/li>\n                <li style=\"display: none; width: 100%;\" class=\"slide-12841 ms-image \" aria-roledescription=\"slide\" data-date=\"2018-11-12 15:54:52\" data-filename=\"LARTC-02-940x623.jpg\" data-slide-type=\"image\"><img loading=\"lazy\" decoding=\"async\" src=\"https:\/\/culturesconnection.com\/wp-content\/uploads\/2018\/11\/LARTC-02-940x623.jpg\" height=\"623\" width=\"940\" alt=\"Los servicios de Cultures Connecti\u00f3n volvieron a estar presentes en una edici\u00f3n de LARTC\" class=\"slider-12783 slide-12841 msDefaultImage\" title=\"LARTC Chile 2018 (02)\" \/><div class=\"caption-wrap\"><div class=\"caption\">Copyright: Cultures Connection.<\/div><\/div><\/li>\n                <li style=\"display: none; width: 100%;\" class=\"slide-12842 ms-image \" aria-roledescription=\"slide\" data-date=\"2018-11-12 15:54:56\" data-filename=\"LARTC-03-940x623.jpg\" data-slide-type=\"image\"><img loading=\"lazy\" decoding=\"async\" src=\"https:\/\/culturesconnection.com\/wp-content\/uploads\/2018\/11\/LARTC-03-940x623.jpg\" height=\"623\" width=\"940\" alt=\"Los servicios de Cultures Connecti\u00f3n volvieron a estar presentes en una edici\u00f3n de LARTC\" class=\"slider-12783 slide-12842 msDefaultImage\" title=\"LARTC Chile 2018 (03)\" \/><div class=\"caption-wrap\"><div class=\"caption\">Copyright: Cultures Connection.<\/div><\/div><\/li>\n                <li style=\"display: none; width: 100%;\" class=\"slide-12863 ms-image \" aria-roledescription=\"slide\" data-date=\"2018-11-12 16:19:56\" data-filename=\"LARTC-04-1-940x623.jpg\" data-slide-type=\"image\"><img loading=\"lazy\" decoding=\"async\" src=\"https:\/\/culturesconnection.com\/wp-content\/uploads\/2018\/11\/LARTC-04-1-940x623.jpg\" height=\"623\" width=\"940\" alt=\"Los servicios de Cultures Connecti\u00f3n volvieron a estar presentes en una edici\u00f3n de LARTC\" class=\"slider-12783 slide-12863 msDefaultImage\" title=\"LARTC Chile 2018 (07)\" \/><div class=\"caption-wrap\"><div class=\"caption\">Copyright: Cultures Connection.<\/div><\/div><\/li>\n                <li style=\"display: none; width: 100%;\" class=\"slide-12844 ms-image \" aria-roledescription=\"slide\" data-date=\"2018-11-12 15:55:04\" data-filename=\"LARTC-05-940x623.jpg\" data-slide-type=\"image\"><img loading=\"lazy\" decoding=\"async\" src=\"https:\/\/culturesconnection.com\/wp-content\/uploads\/2018\/11\/LARTC-05-940x623.jpg\" height=\"623\" width=\"940\" alt=\"Los servicios de Cultures Connecti\u00f3n volvieron a estar presentes en una edici\u00f3n de LARTC\" class=\"slider-12783 slide-12844 msDefaultImage\" title=\"LARTC Chile 2018 (04)\" \/><div class=\"caption-wrap\"><div class=\"caption\">Copyright: Cultures Connection.<\/div><\/div><\/li>\n                <li style=\"display: none; width: 100%;\" class=\"slide-12846 ms-image \" aria-roledescription=\"slide\" data-date=\"2018-11-12 15:55:12\" data-filename=\"LARTC-07-940x623.jpg\" data-slide-type=\"image\"><img loading=\"lazy\" decoding=\"async\" src=\"https:\/\/culturesconnection.com\/wp-content\/uploads\/2018\/11\/LARTC-07-940x623.jpg\" height=\"623\" width=\"940\" alt=\"Los servicios de Cultures Connecti\u00f3n volvieron a estar presentes en una edici\u00f3n de LARTC\" class=\"slider-12783 slide-12846 msDefaultImage\" title=\"LARTC Chile 2018 (05)\" \/><div class=\"caption-wrap\"><div class=\"caption\">Copyright: Cultures Connection.<\/div><\/div><\/li>\n                <li style=\"display: none; width: 100%;\" class=\"slide-12862 ms-image \" aria-roledescription=\"slide\" data-date=\"2018-11-12 16:19:52\" data-filename=\"LARTC-06-1-940x623.jpg\" data-slide-type=\"image\"><img loading=\"lazy\" decoding=\"async\" src=\"https:\/\/culturesconnection.com\/wp-content\/uploads\/2018\/11\/LARTC-06-1-940x623.jpg\" height=\"623\" width=\"940\" alt=\"Los servicios de Cultures Connecti\u00f3n volvieron a estar presentes en una edici\u00f3n de LARTC\" class=\"slider-12783 slide-12862 msDefaultImage\" title=\"LARTC Chile 2018 (08)\" \/><div class=\"caption-wrap\"><div class=\"caption\">Copyright: Cultures Connection.<\/div><\/div><\/li>\n                <li style=\"display: none; width: 100%;\" class=\"slide-12847 ms-image \" aria-roledescription=\"slide\" data-date=\"2018-11-12 15:55:16\" data-filename=\"LARTC-08-940x623.jpg\" data-slide-type=\"image\"><img loading=\"lazy\" decoding=\"async\" src=\"https:\/\/culturesconnection.com\/wp-content\/uploads\/2018\/11\/LARTC-08-940x623.jpg\" height=\"623\" width=\"940\" alt=\"Los servicios de Cultures Connecti\u00f3n volvieron a estar presentes en una edici\u00f3n de LARTC\" class=\"slider-12783 slide-12847 msDefaultImage\" title=\"LARTC Chile 2018 (06)\" \/><div class=\"caption-wrap\"><div class=\"caption\">Copyright: Cultures Connection.<\/div><\/div><\/li>\n            <\/ul>\n        <\/div>\n        \n    <\/div>\n<\/div>\n<h2><strong>Efficacit\u00e9 lors d&rsquo;\u00e9v\u00e9nements de grande envergure<\/strong><\/h2>\n<p><span style=\"font-weight: 400;\">Un sc\u00e9nario courant pour ce type d&rsquo;\u00e9v\u00e9nement avec des clients importants est la concentration de diverses activit\u00e9s dans un court laps de temps et dans un espace restreint. Le dernier jour, une situation complexe s&rsquo;est pr\u00e9sent\u00e9e, et Cultures Connection l&rsquo;a r\u00e9solue avec succ\u00e8s : il a fallu g\u00e9rer deux salles de conf\u00e9rence pour trois petites tables de conversation qui se sont tenues simultan\u00e9ment.<\/span><\/p>\n<p><span style=\"font-weight: 400;\">Dans la premi\u00e8re salle, il n&rsquo;y avait qu&rsquo;une seule conf\u00e9rence pour laquelle l&rsquo;interpr\u00e9tation n&rsquo;\u00e9tait pas demand\u00e9e, de sorte que certains des professionnels engag\u00e9s sont rest\u00e9s au cas o\u00f9 un besoin impr\u00e9vu se ferait sentir. Entre-temps, dans l&rsquo;autre salle, les services d\u2019interpr\u00e9tation ont \u00e9t\u00e9 requis en m\u00eame temps pour deux r\u00e9unions.<\/span><\/p>\n<p><span style=\"font-weight: 400;\">Les cabines utilis\u00e9es jusqu&rsquo;\u00e0 pr\u00e9sent n&rsquo;\u00e9tant pas une option envisageable, l&rsquo;agence a propos\u00e9 aux interpr\u00e8tes, aux orateurs et au public une interpr\u00e9tation chuchot\u00e9e dans laquelle la traduction \u00e9tait transmise aux oreilles des quelques personnes qui en avaient besoin. Toutes les personnes pr\u00e9sentes ont accept\u00e9 et ont finalement pu participer activement et sans probl\u00e8me.<\/span><\/p>\n<p><span style=\"font-weight: 400;\">\u00ab Le travail \u00e9tait excellent, tout comme l&rsquo;organisation. Les temps du programme ont \u00e9t\u00e9 respect\u00e9s. Ce que je souligne, c&rsquo;est qu&rsquo;Amandine a toujours veill\u00e9 \u00e0 ce que nous ne manquions de rien et nous a signal\u00e9 les changements dans le programme \u00bb, a d\u00e9clar\u00e9 Gonzalo, un professionnel depuis plus de cinq ans dans des domaines techniques comme la p\u00e9trochimie, la m\u00e9decine ou les finances.<\/span><\/p>\n<p><span style=\"font-weight: 400;\">Pour Amandine, \u00ab tout \u00e9tait parfait. Les cabines \u00e9taient pr\u00eates \u00e0 l&rsquo;avance, et quand il fallait diviser les pi\u00e8ces et monter et d\u00e9monter les cabines, tout se faisait dans le calme. Le client a \u00e9t\u00e9 impressionn\u00e9<\/span> <span style=\"font-weight: 400;\">\u00bb.<\/span><\/p>\n<p>Traduit en fran\u00e7ais par : Victor Thebault<\/p>\n<p>D\u00e9couvrez nos <a href=\"https:\/\/culturesconnection.com\/fr\/interpretation\/\">services d&rsquo;interpr\u00e9tation<\/a>.<\/p>\n","protected":false},"excerpt":{"rendered":"<p>Les services de Cultures Connection \u00e9taient \u00e0 nouveau pr\u00e9sents dans une nouvelle \u00e9dition de l&rsquo;\u00e9v\u00e9nement le plus important pour le secteur p\u00e9trochimique en Am\u00e9rique latine. [&#8230;]<\/p>\n<p><a class=\"btn btn-secondary understrap-read-more-link\" href=\"https:\/\/culturesconnection.com\/fr\/2018\/11\/21\/lartc-au-chili-interpretation-simultanee-pour-lindustrie-petrochimique-latine\/\">Lire la suite\u2026<span class=\"screen-reader-text\"> from LARTC au Chili : interpr\u00e9tation simultan\u00e9e pour l&rsquo;industrie p\u00e9trochimique latine<\/span><\/a><\/p>\n","protected":false},"author":52,"featured_media":12787,"comment_status":"closed","ping_status":"closed","sticky":false,"template":"","format":"standard","meta":{"_acf_changed":false,"_editorskit_title_hidden":false,"_editorskit_reading_time":0,"_editorskit_is_block_options_detached":false,"_editorskit_block_options_position":"{}","footnotes":""},"categories":[294,29,298,287,245],"tags":[],"class_list":["post-12872","post","type-post","status-publish","format-standard","has-post-thumbnail","hentry","category-actualite","category-informations-agence-de-traduction","category-metiers-interpretation","category-service-dinterpretation","category-technique"],"acf":[],"_links":{"self":[{"href":"https:\/\/culturesconnection.com\/fr\/wp-json\/wp\/v2\/posts\/12872","targetHints":{"allow":["GET"]}}],"collection":[{"href":"https:\/\/culturesconnection.com\/fr\/wp-json\/wp\/v2\/posts"}],"about":[{"href":"https:\/\/culturesconnection.com\/fr\/wp-json\/wp\/v2\/types\/post"}],"author":[{"embeddable":true,"href":"https:\/\/culturesconnection.com\/fr\/wp-json\/wp\/v2\/users\/52"}],"replies":[{"embeddable":true,"href":"https:\/\/culturesconnection.com\/fr\/wp-json\/wp\/v2\/comments?post=12872"}],"version-history":[{"count":0,"href":"https:\/\/culturesconnection.com\/fr\/wp-json\/wp\/v2\/posts\/12872\/revisions"}],"wp:featuredmedia":[{"embeddable":true,"href":"https:\/\/culturesconnection.com\/fr\/wp-json\/wp\/v2\/media\/12787"}],"wp:attachment":[{"href":"https:\/\/culturesconnection.com\/fr\/wp-json\/wp\/v2\/media?parent=12872"}],"wp:term":[{"taxonomy":"category","embeddable":true,"href":"https:\/\/culturesconnection.com\/fr\/wp-json\/wp\/v2\/categories?post=12872"},{"taxonomy":"post_tag","embeddable":true,"href":"https:\/\/culturesconnection.com\/fr\/wp-json\/wp\/v2\/tags?post=12872"}],"curies":[{"name":"wp","href":"https:\/\/api.w.org\/{rel}","templated":true}]}}