{"id":11097,"date":"2018-09-19T18:00:38","date_gmt":"2018-09-19T16:00:38","guid":{"rendered":"http:\/\/culturesconnection.com\/?p=11097"},"modified":"2020-08-10T12:39:55","modified_gmt":"2020-08-10T11:39:55","slug":"lassociation-des-juristes-roms-service-dinterpretation-juridique-a-madrid","status":"publish","type":"post","link":"https:\/\/culturesconnection.com\/fr\/2018\/09\/19\/lassociation-des-juristes-roms-service-dinterpretation-juridique-a-madrid\/","title":{"rendered":"La pr\u00e9cision au c\u0153ur de l&rsquo;interpr\u00e9tation juridique"},"content":{"rendered":"<p><b>L&rsquo;Association des Juristes Roms a fait appel \u00e0 Cultures Connection pour se charger de l&rsquo;interpr\u00e9tation du premier \u00e9v\u00e9nement qui a r\u00e9uni les diff\u00e9rents groupes de travail de l&rsquo;institution, qui s&rsquo;occupe de la protection des int\u00e9r\u00eats de la communaut\u00e9 rom et de la promotion des avocats roms dans le monde.<\/b><!--more--><\/p>\n<p><span style=\"font-weight: 400;\">L&rsquo;Association des Juristes Roms (RLA, en anglais) a tenu la \u00ab\u00a0Premi\u00e8re r\u00e9union de l&rsquo;Association des Juristes Roms\u00a0\u00bb les 3 et 4 septembre derniers \u00e0 Madrid, deux jours durant lesquels des actions ont \u00e9t\u00e9 organis\u00e9es pour d\u00e9fendre les droits des communaut\u00e9s rom dans le monde. <a href=\"https:\/\/culturesconnection.com\/fr\/\">Cultures Connection<\/a> s&rsquo;est associ\u00e9e \u00e0 cette organisation en proposant ses services d&rsquo;interpr\u00e9tation de conf\u00e9rence.<\/span><\/p>\n<p><span style=\"font-weight: 400;\">Une trentaine d&rsquo;avocats et d&rsquo;\u00e9tudiants en droit \u00e9taient pr\u00e9sents dans la salle La Havane de l&rsquo;h\u00f4tel NH Ventas et ont \u00e9cout\u00e9 avec attention des membres de l&rsquo;institution et d&rsquo;organisations humanitaires qui ont partag\u00e9 leurs exp\u00e9riences professionnelles et personnelles pour probl\u00e9matiser les injustices dont souffrent les personnes d&rsquo;origine gitane.<\/span><\/p>\n<p><span style=\"font-weight: 400;\">Les pr\u00e9sentations \u00e9taient didactiques et ont abord\u00e9 des sujets aussi divers que la discrimination qui se cache dans la vie quotidienne ou les mauvaises pratiques des banques et des propri\u00e9taires envers les locataires roms lors de la crise hypoth\u00e9caire en Espagne. Malgr\u00e9 cela, les contenus \u00e9taient tout de m\u00eame marqu\u00e9s sur le plan juridique. La liste des orateurs comprenait des personnalit\u00e9s de renomm\u00e9e internationale telles que Juan de Dios Ramirez Heredia, fondateur de l&rsquo;Union des Roms en Espagne et premier Rom \u00e9lu membre des parlements espagnol et europ\u00e9en, Dmitri Holtzman, directeur des campagnes d&rsquo;\u00e9ducation \u00e0 la justice au Centre pour la D\u00e9mocratie Populaire aux \u00c9tats-Unis, et Amanda Rinquest, co-directrice du Centre sud-africain pour l&rsquo;\u00e9ducation au droit \u00e9quitable.<\/span><\/p>\n<p><span style=\"font-weight: 400;\">L&rsquo;association a \u00e9t\u00e9 fond\u00e9e en ao\u00fbt 2015 pour d\u00e9fendre les int\u00e9r\u00eats de la communaut\u00e9 rom et pour faire valoir les int\u00e9r\u00eats des avocats roms. Lors de l&rsquo;\u00e9v\u00e9nement, les membres ont fait le point sur leur travail dans les diff\u00e9rents pays o\u00f9 l&rsquo;association est pr\u00e9sente afin d&rsquo;\u00e9changer leurs id\u00e9es, de former les professionnels aux questions essentielles et d&rsquo;\u00e9laborer des priorit\u00e9s strat\u00e9giques communes pour les ann\u00e9es \u00e0 venir.<\/span><\/p>\n<p><span style=\"font-weight: 400;\">Au cours de toutes les pr\u00e9sentations, les participants ont r\u00e9pondu avec beaucoup d&rsquo;attention et ont \u00e9chang\u00e9 avec enthousiasme, ce qui a suscit\u00e9 un d\u00e9bat int\u00e9ressant avec les intervenants. \u00ab\u00a0Les journ\u00e9es ont \u00e9t\u00e9 tr\u00e8s utiles parce qu&rsquo;elles ont permis de partager de nombreuses pratiques et situations, r\u00e9solues ou non, qui \u00e9taient inconnues de nombreux participants\u00a0\u00bb, a d\u00e9clar\u00e9 Daniel, l&rsquo;un des interpr\u00e8tes pr\u00e9sents \u00e0 l&rsquo;activit\u00e9.<\/span><\/p>\n<h2><strong>Une interpr\u00e9tation qui s&rsquo;adapte aux impr\u00e9vus<\/strong><\/h2>\n<p><span style=\"font-weight: 400;\">Cultures Connection a assur\u00e9 l&rsquo;interpr\u00e9tation en envoyant sur place deux interpr\u00e8tes qui traduisaient de l&rsquo;anglais vers l&rsquo;espagnol et de l&rsquo;espagnol vers l&rsquo;anglais, en se relayant toutes les demi-heures. Le travail des interpr\u00e8tes a \u00e9t\u00e9 assez particulier puisque le mode d&rsquo;interpr\u00e9tation a chang\u00e9 en cours de journ\u00e9e. \u00a0Les interpr\u00e8tes de l&rsquo;agence ont commenc\u00e9 le premier jour en chuchotage mais, apr\u00e8s deux heures de travail, ils ont ensuite propos\u00e9 une <a href=\"https:\/\/culturesconnection.com\/fr\/interpretation-de-conference\/\">interpr\u00e9tation simultan\u00e9e<\/a> gr\u00e2ce \u00e0 du mat\u00e9riel infoport.<\/span><\/p>\n<p><span style=\"font-weight: 400;\">L&rsquo;infoport est une valise contenant un micro utilis\u00e9 par l&rsquo;orateur pour s&rsquo;adresser au public et des r\u00e9cepteurs pour que les participants puissent entendre l&rsquo;interpr\u00e9tation. Aucun c\u00e2ble n&rsquo;est n\u00e9cessaire car ce syst\u00e8me fonctionne par infrarouge. Cette technologie est tr\u00e8s pratique pour les petites r\u00e9unions parce qu&rsquo;elle est plus pratique et \u00e9conomique que les cabines et le mat\u00e9riel son. Par ailleurs, l&rsquo;infoport permet d&rsquo;\u00e9viter les incompr\u00e9hensions qui peuvent g\u00e9n\u00e9rer une \u00e9ventuelle superposition de voix, sans aucun \u00e9quipement auxiliaire.<\/span><\/p>\n<p><span style=\"font-weight: 400;\">\u00ab Il y avait 4 hispanophones qui avaient besoin d&rsquo;interpr\u00e9tation tout au long de l&rsquo;\u00e9v\u00e9nement. L&rsquo;infoport a permis \u00e0 la r\u00e9union de se d\u00e9rouler sans trop d&rsquo;interruptions \u00bb, explique Daniel, dipl\u00f4m\u00e9 en traduction et interpr\u00e9tation de l&rsquo;Universit\u00e9 autonome de Madrid et riche d\u00b4une exp\u00e9rience professionnelle de 11 ans en politique \u00e9trang\u00e8re, infrastructure et \u00e9conomie.<\/span><\/p>\n<p><span style=\"font-weight: 400;\">Juan, son coll\u00e8gue interpr\u00e8te, a expliqu\u00e9 qu&rsquo;\u00ab \u00e0 un moment donn\u00e9 de la conf\u00e9rence, l&rsquo;interpr\u00e9tation qui se faisait sous la forme de chuchotage s&rsquo;est transform\u00e9e en conversation et nous avons alors sugg\u00e9r\u00e9 un autre type d&rsquo;interpr\u00e9tation. Il aurait \u00e9t\u00e9 tr\u00e8s difficile de maintenir la qualit\u00e9 de l&rsquo;interpr\u00e9tation pendant deux jours de cette fa\u00e7on \u00bb.<\/span><\/p>\n<p><span style=\"font-weight: 400;\">L&rsquo;un des d\u00e9fis les plus importants de l&rsquo;\u00e9v\u00e9nement pour Daniel \u00e9tait la terminologie utilis\u00e9e par les conf\u00e9renciers et les orateurs. \u00ab Il fallait \u00eatre tr\u00e8s pr\u00e9cis parce qu&rsquo;il y avait beaucoup de termes juridiques sp\u00e9cifiques qui devaient \u00eatre bien expliqu\u00e9s, comme la diff\u00e9rence entre \u00ab\u00a0attorney\u00a0\u00bb et \u00ab\u00a0lawyer\u00a0\u00bb \u00bb. Pour surmonter cette difficult\u00e9, il s&rsquo;est pr\u00e9par\u00e9 en faisant des recherches sur l&rsquo;association, les conf\u00e9renciers et les points \u00e0 l&rsquo;ordre du jour, ce qui lui a permis de se familiariser avec les organisations pr\u00e9sentes et leur travail.<\/span><\/p>\n<p><span style=\"font-weight: 400;\">Juan, dipl\u00f4m\u00e9 en Traduction et Interpr\u00e9tation de l&rsquo;Universit\u00e9 Complutense de Madrid et qui exerce cette profession depuis 11 ans, avait d\u00e9j\u00e0 de l&rsquo;exp\u00e9rience dans ce domaine. Il a donc relu des glossaires de termes et concepts qu&rsquo;il devait mettre \u00e0 jour.<\/span><\/p>\n<p><span style=\"font-weight: 400;\">R\u00e9aliser l&rsquo;interpr\u00e9tation vers l&rsquo;anglais du discours de <a href=\"https:\/\/fr.wikipedia.org\/wiki\/Juan_de_Dios_Ram%C3%ADrez-Heredia\" target=\"_blank\" rel=\"noopener\">Juan de Dios Ram\u00edrez Heredia<\/a>, orateur de renomm\u00e9e internationale, \u00e9tait une motivation particuli\u00e8re. \u00ab\u00a0Son vocabulaire est tr\u00e8s riche et il a racont\u00e9 ses exp\u00e9riences dans la d\u00e9fense des droits des Gens du voyage avec beaucoup de sensibilit\u00e9. \u00c9videmment, avec de la pr\u00e9paration et de la motivation, vous pouvez transmettre ces id\u00e9es et sensations, mais trouver les mots justes dans une autre langue repr\u00e9sente un tout autre d\u00e9fi\u00a0\u00bb.<\/span><\/p>\n<p>Traduit en fran\u00e7ais par : Amandine Borlon<\/p>\n<p>D\u00e9couvrez nos <a href=\"https:\/\/culturesconnection.com\/fr\/interpretation\/\">services d&rsquo;interpr\u00e9tation<\/a>.<\/p>\n","protected":false},"excerpt":{"rendered":"<p>L&rsquo;Association des Juristes Roms a fait appel \u00e0 Cultures Connection pour se charger de l&rsquo;interpr\u00e9tation du premier \u00e9v\u00e9nement qui a r\u00e9uni les diff\u00e9rents groupes de [&#8230;]<\/p>\n<p><a class=\"btn btn-secondary understrap-read-more-link\" href=\"https:\/\/culturesconnection.com\/fr\/2018\/09\/19\/lassociation-des-juristes-roms-service-dinterpretation-juridique-a-madrid\/\">Lire la suite\u2026<span class=\"screen-reader-text\"> from La pr\u00e9cision au c\u0153ur de l&rsquo;interpr\u00e9tation juridique<\/span><\/a><\/p>\n","protected":false},"author":52,"featured_media":11775,"comment_status":"closed","ping_status":"closed","sticky":false,"template":"","format":"standard","meta":{"_acf_changed":false,"_editorskit_title_hidden":false,"_editorskit_reading_time":0,"_editorskit_is_block_options_detached":false,"_editorskit_block_options_position":"{}","footnotes":""},"categories":[294,29,209,298,287],"tags":[],"class_list":["post-11097","post","type-post","status-publish","format-standard","has-post-thumbnail","hentry","category-actualite","category-informations-agence-de-traduction","category-juridique","category-metiers-interpretation","category-service-dinterpretation"],"acf":[],"_links":{"self":[{"href":"https:\/\/culturesconnection.com\/fr\/wp-json\/wp\/v2\/posts\/11097","targetHints":{"allow":["GET"]}}],"collection":[{"href":"https:\/\/culturesconnection.com\/fr\/wp-json\/wp\/v2\/posts"}],"about":[{"href":"https:\/\/culturesconnection.com\/fr\/wp-json\/wp\/v2\/types\/post"}],"author":[{"embeddable":true,"href":"https:\/\/culturesconnection.com\/fr\/wp-json\/wp\/v2\/users\/52"}],"replies":[{"embeddable":true,"href":"https:\/\/culturesconnection.com\/fr\/wp-json\/wp\/v2\/comments?post=11097"}],"version-history":[{"count":0,"href":"https:\/\/culturesconnection.com\/fr\/wp-json\/wp\/v2\/posts\/11097\/revisions"}],"wp:featuredmedia":[{"embeddable":true,"href":"https:\/\/culturesconnection.com\/fr\/wp-json\/wp\/v2\/media\/11775"}],"wp:attachment":[{"href":"https:\/\/culturesconnection.com\/fr\/wp-json\/wp\/v2\/media?parent=11097"}],"wp:term":[{"taxonomy":"category","embeddable":true,"href":"https:\/\/culturesconnection.com\/fr\/wp-json\/wp\/v2\/categories?post=11097"},{"taxonomy":"post_tag","embeddable":true,"href":"https:\/\/culturesconnection.com\/fr\/wp-json\/wp\/v2\/tags?post=11097"}],"curies":[{"name":"wp","href":"https:\/\/api.w.org\/{rel}","templated":true}]}}