{"id":5006,"date":"2016-03-10T13:18:10","date_gmt":"2016-03-10T11:18:10","guid":{"rendered":"http:\/\/culturesconnection.com\/es\/?p=5006"},"modified":"2020-08-11T09:38:24","modified_gmt":"2020-08-11T08:38:24","slug":"hen-nuevo-pronombre-suecia","status":"publish","type":"post","link":"https:\/\/culturesconnection.com\/es\/2016\/03\/10\/hen-nuevo-pronombre-suecia\/","title":{"rendered":"\u00abHen\u00bb, nuevo pronombre personal neutro en Suecia"},"content":{"rendered":"<p><strong>Es oficial, el l\u00e9xico sueco cuenta con una nueva palabra. La Academia Sueca acaba de adoptar el pronombre neutro \u00abhen\u00bb.<\/strong><!--more--><\/p>\n<p>Hace unos meses, Suecia oficializ\u00f3 el uso del pronombre neutro hen. M\u00e1s all\u00e1 de la novedad gramatical, estas tres letras tambi\u00e9n implican un cambio ideol\u00f3gico.<\/p>\n<h2><strong>El idioma es producto de una cultura<\/strong><\/h2>\n<p>Los idiomas no solo expresan los mensajes que sus usuarios quieren transmitir. Tambi\u00e9n revelan cosas acerca de su propia cultura. Mucho se ha dicho, por ejemplo, del machismo de un <a href=\"https:\/\/culturesconnection.com\/es\/servicios-de-traduccion-de-frances\/\">idioma como el franc\u00e9s<\/a>: \u00bfpor qu\u00e9 debemos usar el pronombre masculino plural cuando nos referimos a un hombre y a una mujer? Peor a\u00fan cuando mil mujeres y un solo hombre caminan juntos, y debemos decir \u00abellos caminan\u00bb&#8230;<\/p>\n<h2><strong>El origen feminista del pronombre neutro<\/strong><\/h2>\n<p>Las feministas suecas se revelan desde hace varias d\u00e9cadas contra tales injusticias. En los a\u00f1os sesenta, muchas mujeres adoptaron el pronombre neutro <em>hen<\/em>, fruto de una adaptaci\u00f3n del pronombre neutro <em>h\u00e4n<\/em> de la lengua finlandesa vecina. El objetivo era promover la igualdad de g\u00e9nero, evitando algunos t\u00e9rminos inflexibles, \u200b\u200btales como \u00ab\u00e9l o ella\u00bb.<\/p>\n<h2><strong>Apropiaci\u00f3n por parte del movimiento transg\u00e9nero<\/strong><\/h2>\n<p>Sin embargo, el uso del pronombre qued\u00f3 limitado a ciertos c\u00edrculos feministas, hasta que los activistas de la causa transexual, a comienzos del milenio, lo incorporaron tambi\u00e9n. Uno de sus caballos de batalla es la determinaci\u00f3n del sexo de los pronombres personales: \u00bfpor qu\u00e9 debemos definir necesariamente el sexo de una persona utilizando un pronombre personal para referirse a este o a aquella? Si me encuentro con alguien en la calle y me gusta su ropa, forzosamente, debo caracterizar su g\u00e9nero y decir <em>\u00e9l <\/em>o <em>ella<\/em> est\u00e1 bien vestido(a). No puedo decir \u00abest\u00e1 bien vestido\u00bb, por ejemplo.<\/p>\n<h2><strong>Su avance en la poblaci\u00f3n, especialmente entre los j\u00f3venes<\/strong><\/h2>\n<p>Gracias al movimiento transg\u00e9nero, el uso del pronombre personal neutro en sueco se desarroll\u00f3 a tal punto que hoy en d\u00eda <em>hen <\/em>aparece en los peri\u00f3dicos, en carteles publicitarios, en libros, por no mencionar Internet. Incluso, se utiliza en el \u00e1mbito judicial. Sin embargo, los j\u00f3venes lo adoptaron con m\u00e1s rapidez incorpor\u00e1ndolo por completo a su vocabulario.<\/p>\n<h2><strong>La oficializaci\u00f3n por parte de la Academia Sueca<\/strong><\/h2>\n<p>Debido a su uso cada vez m\u00e1s generalizado, la <a href=\"http:\/\/www.svenskaakademien.se\/en\" target=\"_blank\" rel=\"noopener\">Academia Sueca<\/a> lo incorpor\u00f3 en la nueva edici\u00f3n del SAOL, el diccionario de referencia de la lengua sueca. Ahora, este pronombre puede utilizarse l\u00edcitamente en sueco para referirse a una persona sin necesidad de especificar su g\u00e9nero (ya sea porque no lo conocemos, ya sea porque ese dato es irrelevante), o a una persona que no se identifica con ninguno de los dos g\u00e9neros.<\/p>\n<p>De ahora en adelante, en sus <a href=\"https:\/\/culturesconnection.com\/es\/traduccion-marketing\/\">traducciones de marketing<\/a>, sus\u00a0<a href=\"https:\/\/culturesconnection.com\/es\/traduccion-juridica\/\">traducciones jur\u00eddicas<\/a> o sus <a href=\"https:\/\/culturesconnection.com\/es\/traduccion-comercial\/\">traducciones comerciales<\/a> al sueco, podr\u00e1 utilizar el pronombre personal neutro <em>hen <\/em>sin correr el riesgo de ser vapuleado.<\/p>\n<p>Descubra nuestra <a href=\"https:\/\/culturesconnection.com\/es\/\">agencia de traducci\u00f3n<\/a>.<\/p>\n","protected":false},"excerpt":{"rendered":"<p>\u00bf\u00c9l? \u00bfElla? Los suecos ya no tienen que elegir entre estos dos pronombres. Despu\u00e9s de varios a\u00f1os de insistencia, la causa feminista y transg\u00e9nero triunf\u00f3 finalmente. [&#8230;]<\/p>\n<p><a class=\"btn btn-secondary understrap-read-more-link\" href=\"https:\/\/culturesconnection.com\/es\/2016\/03\/10\/hen-nuevo-pronombre-suecia\/\">Leer m\u00e1s&#8230;<span class=\"screen-reader-text\"> from \u00abHen\u00bb, nuevo pronombre personal neutro en Suecia<\/span><\/a><\/p>\n","protected":false},"author":20,"featured_media":5074,"comment_status":"closed","ping_status":"closed","sticky":false,"template":"","format":"standard","meta":{"_acf_changed":false,"_editorskit_title_hidden":false,"_editorskit_reading_time":0,"_editorskit_is_block_options_detached":false,"_editorskit_block_options_position":"{}","footnotes":""},"categories":[307,300,313],"tags":[],"class_list":["post-5006","post","type-post","status-publish","format-standard","has-post-thumbnail","hentry","category-actualidad","category-aprender-idiomas","category-cultura-y-traduccion"],"acf":[],"_links":{"self":[{"href":"https:\/\/culturesconnection.com\/es\/wp-json\/wp\/v2\/posts\/5006","targetHints":{"allow":["GET"]}}],"collection":[{"href":"https:\/\/culturesconnection.com\/es\/wp-json\/wp\/v2\/posts"}],"about":[{"href":"https:\/\/culturesconnection.com\/es\/wp-json\/wp\/v2\/types\/post"}],"author":[{"embeddable":true,"href":"https:\/\/culturesconnection.com\/es\/wp-json\/wp\/v2\/users\/20"}],"replies":[{"embeddable":true,"href":"https:\/\/culturesconnection.com\/es\/wp-json\/wp\/v2\/comments?post=5006"}],"version-history":[{"count":0,"href":"https:\/\/culturesconnection.com\/es\/wp-json\/wp\/v2\/posts\/5006\/revisions"}],"wp:featuredmedia":[{"embeddable":true,"href":"https:\/\/culturesconnection.com\/es\/wp-json\/wp\/v2\/media\/5074"}],"wp:attachment":[{"href":"https:\/\/culturesconnection.com\/es\/wp-json\/wp\/v2\/media?parent=5006"}],"wp:term":[{"taxonomy":"category","embeddable":true,"href":"https:\/\/culturesconnection.com\/es\/wp-json\/wp\/v2\/categories?post=5006"},{"taxonomy":"post_tag","embeddable":true,"href":"https:\/\/culturesconnection.com\/es\/wp-json\/wp\/v2\/tags?post=5006"}],"curies":[{"name":"wp","href":"https:\/\/api.w.org\/{rel}","templated":true}]}}